{"id":5673,"date":"2025-01-15T09:51:10","date_gmt":"2025-01-15T08:51:10","guid":{"rendered":"https:\/\/kintek.it\/mictu-entra-a-far-parte-del-gruppo-kintek\/"},"modified":"2026-02-13T17:28:41","modified_gmt":"2026-02-13T16:28:41","slug":"mictu-se-une-al-grupo-kintek","status":"publish","type":"post","link":"https:\/\/kintek.it\/es\/mictu-se-une-al-grupo-kintek\/","title":{"rendered":"Mictu se une al grupo Kintek"},"content":{"rendered":"\n<div class=\"wp-block-stackable-text stk-block-text stk-block stk-af42d9b\" data-block-id=\"af42d9b\"><p class=\"stk-block-text__text\">Tras la adquisici\u00f3n de Kintek en 2023, el fondo Aks\u00eca Capital V refuerza a\u00fan m\u00e1s al Grupo, fabricante italiano l\u00edder de portaherramientas de torneado y fresado, mediante la adquisici\u00f3n de Mictu. La transacci\u00f3n permitir\u00e1 al Grupo consolidar su posici\u00f3n en los segmentos de mec\u00e1nica de precisi\u00f3n, herramientas y automatizaci\u00f3n.<br><br><em>Mil\u00e1n, 15 de enero de 2025<\/em> \u2013 Aks\u00eca Capital V, fondo gestionado por Aks\u00eca SGR, anuncia, a trav\u00e9s de su filial Kintek, la adquisici\u00f3n de Mictu, empresa italiana especializada en la producci\u00f3n de herramientas especiales y de alta precisi\u00f3n para diversos sectores industriales.<br><br>Mictu representa la primera incorporaci\u00f3n al Grupo Kintek y forma parte de la estrategia de expansi\u00f3n iniciada con la entrada del Fondo, destinada a integrar empresas exitosas y de alto prestigio. Fundada a principios de la d\u00e9cada de 1980 y dirigida por Antonello Collavo, Mictu es una empresa industrial con sede en Quero Vas (Belluno), especializada en la producci\u00f3n de herramientas de carburo de tungsteno y diamante policristalino, principalmente para los sectores \u00f3ptico y m\u00e9dico.<br><br>Esta transacci\u00f3n permite al Grupo Kintek dar un paso significativo hacia la consolidaci\u00f3n de su liderazgo en un mercado cada vez m\u00e1s especializado con perspectivas de crecimiento tanto en Italia como a nivel internacional. La adquisici\u00f3n de Mictu se integra perfectamente en la visi\u00f3n estrat\u00e9gica del Grupo, que busca integrar una experiencia de alto nivel, ampliar su cartera de productos y fortalecer su presencia en los sectores de la mec\u00e1nica de precisi\u00f3n y las herramientas avanzadas, con especial atenci\u00f3n a sectores industriales clave como el \u00f3ptico y el m\u00e9dico.<\/p><\/div>\n\n\n\n<div class=\"wp-block-stackable-button-group stk-block-button-group stk-block stk-4bb4301\" data-block-id=\"4bb4301\"><style>.stk-4bb4301 .stk-button-group{flex-direction:row !important;}.stk-4bb4301 {margin-bottom:0px !important;}@media screen and (max-width: 1023px){.stk-4bb4301 .stk-button-group{flex-direction:row !important;}}@media screen and (max-width: 767px){.stk-4bb4301 .stk-button-group{flex-direction:row !important;}}<\/style><div class=\"stk-row stk-inner-blocks stk-block-content stk-button-group\">\n<div class=\"wp-block-stackable-button stk-block-button stk-block stk-82c30ef\" data-block-id=\"82c30ef\"><a class=\"stk-link stk-button stk--hover-effect-darken\" href=\"https:\/\/kintek.it\/cms\/wp-content\/uploads\/2025\/01\/Aksia_Mictu-ENG.pdf\" target=\"_blank\" rel=\"noreferrer noopener\"><span class=\"stk-button__inner-text\">Lea el comunicado de prensa completo<\/span><\/a><\/div>\n<\/div><\/div>\n","protected":false},"excerpt":{"rendered":"<p>Tras la adquisici\u00f3n de Kintek en 2023, el fondo Aks\u00eca Capital V refuerza a\u00fan m\u00e1s al Grupo, fabricante italiano l\u00edder de portaherramientas de torneado y fresado, mediante la adquisici\u00f3n de Mictu. La transacci\u00f3n permitir\u00e1 al Grupo consolidar su posici\u00f3n en los segmentos de mec\u00e1nica de precisi\u00f3n, herramientas y automatizaci\u00f3n. Mil\u00e1n, 15 de enero de 2025 [&hellip;]<\/p>\n","protected":false},"author":1,"featured_media":0,"comment_status":"closed","ping_status":"closed","sticky":false,"template":"","format":"standard","meta":{"footnotes":""},"categories":[48],"tags":[],"class_list":["post-5673","post","type-post","status-publish","format-standard","hentry","category-comunicado-de-prensa"],"blocksy_meta":[],"yoast_head":"<!-- This site is optimized with the Yoast SEO plugin v23.8 - https:\/\/yoast.com\/wordpress\/plugins\/seo\/ -->\n<title>Mictu se une al grupo Kintek - Kintek<\/title>\n<meta name=\"robots\" content=\"index, follow, max-snippet:-1, max-image-preview:large, max-video-preview:-1\" \/>\n<link rel=\"canonical\" href=\"https:\/\/kintek.it\/es\/mictu-se-une-al-grupo-kintek\/\" \/>\n<meta property=\"og:locale\" content=\"es_ES\" \/>\n<meta property=\"og:type\" content=\"article\" \/>\n<meta property=\"og:title\" content=\"Mictu se une al grupo Kintek - Kintek\" \/>\n<meta property=\"og:description\" content=\"Tras la adquisici\u00f3n de Kintek en 2023, el fondo Aks\u00eca Capital V refuerza a\u00fan m\u00e1s al Grupo, fabricante italiano l\u00edder de portaherramientas de torneado y fresado, mediante la adquisici\u00f3n de Mictu. La transacci\u00f3n permitir\u00e1 al Grupo consolidar su posici\u00f3n en los segmentos de mec\u00e1nica de precisi\u00f3n, herramientas y automatizaci\u00f3n. Mil\u00e1n, 15 de enero de 2025 [&hellip;]\" \/>\n<meta property=\"og:url\" content=\"https:\/\/kintek.it\/es\/mictu-se-une-al-grupo-kintek\/\" \/>\n<meta property=\"og:site_name\" content=\"Kintek\" \/>\n<meta property=\"article:publisher\" content=\"https:\/\/it-it.facebook.com\/kinteksrl\/\" \/>\n<meta property=\"article:published_time\" content=\"2025-01-15T08:51:10+00:00\" \/>\n<meta property=\"article:modified_time\" content=\"2026-02-13T16:28:41+00:00\" \/>\n<meta name=\"author\" content=\"apvd\" \/>\n<meta name=\"twitter:card\" content=\"summary_large_image\" \/>\n<meta name=\"twitter:label1\" content=\"Written by\" \/>\n\t<meta name=\"twitter:data1\" content=\"apvd\" \/>\n\t<meta name=\"twitter:label2\" content=\"Est. reading time\" \/>\n\t<meta name=\"twitter:data2\" content=\"2 minutes\" \/>\n<script type=\"application\/ld+json\" class=\"yoast-schema-graph\">{\"@context\":\"https:\/\/schema.org\",\"@graph\":[{\"@type\":\"Article\",\"@id\":\"https:\/\/kintek.it\/es\/mictu-se-une-al-grupo-kintek\/#article\",\"isPartOf\":{\"@id\":\"https:\/\/kintek.it\/es\/mictu-se-une-al-grupo-kintek\/\"},\"author\":{\"name\":\"apvd\",\"@id\":\"https:\/\/kintek.it\/es\/#\/schema\/person\/550dcb07afb7b74add8c6534ac21781b\"},\"headline\":\"Mictu se une al grupo Kintek\",\"datePublished\":\"2025-01-15T08:51:10+00:00\",\"dateModified\":\"2026-02-13T16:28:41+00:00\",\"mainEntityOfPage\":{\"@id\":\"https:\/\/kintek.it\/es\/mictu-se-une-al-grupo-kintek\/\"},\"wordCount\":296,\"publisher\":{\"@id\":\"https:\/\/kintek.it\/es\/#organization\"},\"articleSection\":[\"Comunicado de prensa\"],\"inLanguage\":\"es-ES\"},{\"@type\":\"WebPage\",\"@id\":\"https:\/\/kintek.it\/es\/mictu-se-une-al-grupo-kintek\/\",\"url\":\"https:\/\/kintek.it\/es\/mictu-se-une-al-grupo-kintek\/\",\"name\":\"Mictu se une al grupo Kintek - Kintek\",\"isPartOf\":{\"@id\":\"https:\/\/kintek.it\/es\/#website\"},\"datePublished\":\"2025-01-15T08:51:10+00:00\",\"dateModified\":\"2026-02-13T16:28:41+00:00\",\"breadcrumb\":{\"@id\":\"https:\/\/kintek.it\/es\/mictu-se-une-al-grupo-kintek\/#breadcrumb\"},\"inLanguage\":\"es-ES\",\"potentialAction\":[{\"@type\":\"ReadAction\",\"target\":[\"https:\/\/kintek.it\/es\/mictu-se-une-al-grupo-kintek\/\"]}]},{\"@type\":\"BreadcrumbList\",\"@id\":\"https:\/\/kintek.it\/es\/mictu-se-une-al-grupo-kintek\/#breadcrumb\",\"itemListElement\":[{\"@type\":\"ListItem\",\"position\":1,\"name\":\"Home\",\"item\":\"https:\/\/kintek.it\/es\/\"},{\"@type\":\"ListItem\",\"position\":2,\"name\":\"Mictu se une al grupo Kintek\"}]},{\"@type\":\"WebSite\",\"@id\":\"https:\/\/kintek.it\/es\/#website\",\"url\":\"https:\/\/kintek.it\/es\/\",\"name\":\"Kintek\",\"description\":\"Componenti Innovativi Tecnomeccanici\",\"publisher\":{\"@id\":\"https:\/\/kintek.it\/es\/#organization\"},\"potentialAction\":[{\"@type\":\"SearchAction\",\"target\":{\"@type\":\"EntryPoint\",\"urlTemplate\":\"https:\/\/kintek.it\/es\/?s={search_term_string}\"},\"query-input\":{\"@type\":\"PropertyValueSpecification\",\"valueRequired\":true,\"valueName\":\"search_term_string\"}}],\"inLanguage\":\"es-ES\"},{\"@type\":\"Organization\",\"@id\":\"https:\/\/kintek.it\/es\/#organization\",\"name\":\"Kintek - Leader nella produzione di portautensili\",\"url\":\"https:\/\/kintek.it\/es\/\",\"logo\":{\"@type\":\"ImageObject\",\"inLanguage\":\"es-ES\",\"@id\":\"https:\/\/kintek.it\/es\/#\/schema\/logo\/image\/\",\"url\":\"https:\/\/kintek.it\/cms\/wp-content\/uploads\/2024\/09\/logo-kintek-pos.svg\",\"contentUrl\":\"https:\/\/kintek.it\/cms\/wp-content\/uploads\/2024\/09\/logo-kintek-pos.svg\",\"width\":486,\"height\":144,\"caption\":\"Kintek - Leader nella produzione di portautensili\"},\"image\":{\"@id\":\"https:\/\/kintek.it\/es\/#\/schema\/logo\/image\/\"},\"sameAs\":[\"https:\/\/it-it.facebook.com\/kinteksrl\/\",\"https:\/\/www.instagram.com\/kinteksrl\/\",\"https:\/\/www.linkedin.com\/company\/kintek-s.r.l.\/\"]},{\"@type\":\"Person\",\"@id\":\"https:\/\/kintek.it\/es\/#\/schema\/person\/550dcb07afb7b74add8c6534ac21781b\",\"name\":\"apvd\",\"image\":{\"@type\":\"ImageObject\",\"inLanguage\":\"es-ES\",\"@id\":\"https:\/\/kintek.it\/es\/#\/schema\/person\/image\/\",\"url\":\"https:\/\/secure.gravatar.com\/avatar\/484f3a4be3cd17736bde4db57a149d13?s=96&d=mm&r=g\",\"contentUrl\":\"https:\/\/secure.gravatar.com\/avatar\/484f3a4be3cd17736bde4db57a149d13?s=96&d=mm&r=g\",\"caption\":\"apvd\"},\"sameAs\":[\"https:\/\/kintek.apvdtest.it\/cms\"]}]}<\/script>\n<!-- \/ Yoast SEO plugin. -->","yoast_head_json":{"title":"Mictu se une al grupo Kintek - Kintek","robots":{"index":"index","follow":"follow","max-snippet":"max-snippet:-1","max-image-preview":"max-image-preview:large","max-video-preview":"max-video-preview:-1"},"canonical":"https:\/\/kintek.it\/es\/mictu-se-une-al-grupo-kintek\/","og_locale":"es_ES","og_type":"article","og_title":"Mictu se une al grupo Kintek - Kintek","og_description":"Tras la adquisici\u00f3n de Kintek en 2023, el fondo Aks\u00eca Capital V refuerza a\u00fan m\u00e1s al Grupo, fabricante italiano l\u00edder de portaherramientas de torneado y fresado, mediante la adquisici\u00f3n de Mictu. La transacci\u00f3n permitir\u00e1 al Grupo consolidar su posici\u00f3n en los segmentos de mec\u00e1nica de precisi\u00f3n, herramientas y automatizaci\u00f3n. Mil\u00e1n, 15 de enero de 2025 [&hellip;]","og_url":"https:\/\/kintek.it\/es\/mictu-se-une-al-grupo-kintek\/","og_site_name":"Kintek","article_publisher":"https:\/\/it-it.facebook.com\/kinteksrl\/","article_published_time":"2025-01-15T08:51:10+00:00","article_modified_time":"2026-02-13T16:28:41+00:00","author":"apvd","twitter_card":"summary_large_image","twitter_misc":{"Written by":"apvd","Est. reading time":"2 minutes"},"schema":{"@context":"https:\/\/schema.org","@graph":[{"@type":"Article","@id":"https:\/\/kintek.it\/es\/mictu-se-une-al-grupo-kintek\/#article","isPartOf":{"@id":"https:\/\/kintek.it\/es\/mictu-se-une-al-grupo-kintek\/"},"author":{"name":"apvd","@id":"https:\/\/kintek.it\/es\/#\/schema\/person\/550dcb07afb7b74add8c6534ac21781b"},"headline":"Mictu se une al grupo Kintek","datePublished":"2025-01-15T08:51:10+00:00","dateModified":"2026-02-13T16:28:41+00:00","mainEntityOfPage":{"@id":"https:\/\/kintek.it\/es\/mictu-se-une-al-grupo-kintek\/"},"wordCount":296,"publisher":{"@id":"https:\/\/kintek.it\/es\/#organization"},"articleSection":["Comunicado de prensa"],"inLanguage":"es-ES"},{"@type":"WebPage","@id":"https:\/\/kintek.it\/es\/mictu-se-une-al-grupo-kintek\/","url":"https:\/\/kintek.it\/es\/mictu-se-une-al-grupo-kintek\/","name":"Mictu se une al grupo Kintek - Kintek","isPartOf":{"@id":"https:\/\/kintek.it\/es\/#website"},"datePublished":"2025-01-15T08:51:10+00:00","dateModified":"2026-02-13T16:28:41+00:00","breadcrumb":{"@id":"https:\/\/kintek.it\/es\/mictu-se-une-al-grupo-kintek\/#breadcrumb"},"inLanguage":"es-ES","potentialAction":[{"@type":"ReadAction","target":["https:\/\/kintek.it\/es\/mictu-se-une-al-grupo-kintek\/"]}]},{"@type":"BreadcrumbList","@id":"https:\/\/kintek.it\/es\/mictu-se-une-al-grupo-kintek\/#breadcrumb","itemListElement":[{"@type":"ListItem","position":1,"name":"Home","item":"https:\/\/kintek.it\/es\/"},{"@type":"ListItem","position":2,"name":"Mictu se une al grupo Kintek"}]},{"@type":"WebSite","@id":"https:\/\/kintek.it\/es\/#website","url":"https:\/\/kintek.it\/es\/","name":"Kintek","description":"Componenti Innovativi Tecnomeccanici","publisher":{"@id":"https:\/\/kintek.it\/es\/#organization"},"potentialAction":[{"@type":"SearchAction","target":{"@type":"EntryPoint","urlTemplate":"https:\/\/kintek.it\/es\/?s={search_term_string}"},"query-input":{"@type":"PropertyValueSpecification","valueRequired":true,"valueName":"search_term_string"}}],"inLanguage":"es-ES"},{"@type":"Organization","@id":"https:\/\/kintek.it\/es\/#organization","name":"Kintek - Leader nella produzione di portautensili","url":"https:\/\/kintek.it\/es\/","logo":{"@type":"ImageObject","inLanguage":"es-ES","@id":"https:\/\/kintek.it\/es\/#\/schema\/logo\/image\/","url":"https:\/\/kintek.it\/cms\/wp-content\/uploads\/2024\/09\/logo-kintek-pos.svg","contentUrl":"https:\/\/kintek.it\/cms\/wp-content\/uploads\/2024\/09\/logo-kintek-pos.svg","width":486,"height":144,"caption":"Kintek - Leader nella produzione di portautensili"},"image":{"@id":"https:\/\/kintek.it\/es\/#\/schema\/logo\/image\/"},"sameAs":["https:\/\/it-it.facebook.com\/kinteksrl\/","https:\/\/www.instagram.com\/kinteksrl\/","https:\/\/www.linkedin.com\/company\/kintek-s.r.l.\/"]},{"@type":"Person","@id":"https:\/\/kintek.it\/es\/#\/schema\/person\/550dcb07afb7b74add8c6534ac21781b","name":"apvd","image":{"@type":"ImageObject","inLanguage":"es-ES","@id":"https:\/\/kintek.it\/es\/#\/schema\/person\/image\/","url":"https:\/\/secure.gravatar.com\/avatar\/484f3a4be3cd17736bde4db57a149d13?s=96&d=mm&r=g","contentUrl":"https:\/\/secure.gravatar.com\/avatar\/484f3a4be3cd17736bde4db57a149d13?s=96&d=mm&r=g","caption":"apvd"},"sameAs":["https:\/\/kintek.apvdtest.it\/cms"]}]}},"_links":{"self":[{"href":"https:\/\/kintek.it\/es\/wp-json\/wp\/v2\/posts\/5673","targetHints":{"allow":["GET"]}}],"collection":[{"href":"https:\/\/kintek.it\/es\/wp-json\/wp\/v2\/posts"}],"about":[{"href":"https:\/\/kintek.it\/es\/wp-json\/wp\/v2\/types\/post"}],"author":[{"embeddable":true,"href":"https:\/\/kintek.it\/es\/wp-json\/wp\/v2\/users\/1"}],"replies":[{"embeddable":true,"href":"https:\/\/kintek.it\/es\/wp-json\/wp\/v2\/comments?post=5673"}],"version-history":[{"count":0,"href":"https:\/\/kintek.it\/es\/wp-json\/wp\/v2\/posts\/5673\/revisions"}],"wp:attachment":[{"href":"https:\/\/kintek.it\/es\/wp-json\/wp\/v2\/media?parent=5673"}],"wp:term":[{"taxonomy":"category","embeddable":true,"href":"https:\/\/kintek.it\/es\/wp-json\/wp\/v2\/categories?post=5673"},{"taxonomy":"post_tag","embeddable":true,"href":"https:\/\/kintek.it\/es\/wp-json\/wp\/v2\/tags?post=5673"}],"curies":[{"name":"wp","href":"https:\/\/api.w.org\/{rel}","templated":true}]}}